{"id":206,"date":"2023-02-12T10:38:21","date_gmt":"2023-02-12T10:38:21","guid":{"rendered":"https:\/\/winepoint.ro\/blog\/?p=206"},"modified":"2023-03-02T11:36:51","modified_gmt":"2023-03-02T11:36:51","slug":"principalele-targuri-internationale-de-vin","status":"publish","type":"post","link":"https:\/\/winepoint.ro\/blog\/2023\/02\/12\/principalele-targuri-internationale-de-vin\/","title":{"rendered":"Principalele t\u00e2rguri interna\u021bionale de vin"},"content":{"rendered":"<p>F\u0103r\u0103 t\u00e2rgurile de profil, industria s-ar mi\u0219ca mult mai \u00eencet. Adev\u0103rate platforme de business, ele \u00eei ajut\u0103 deopotriv\u0103 pe produc\u0103tori, distribuitori, importatori, proprietari de baruri, hoteluri sau restaurante. Aici se stabilesc contacte vitale pentru succesul tuturor celor interesa\u021bi.<\/p>\n<p>Din sutele de t\u00e2rguri organizate \u00een lume, vi le prezent\u0103m pe scurt pe cele cu cel mai mare impact interna\u021bional.<\/p>\n<p><strong>Wine Paris &amp; Vinexpo Paris<img loading=\"lazy\" class=\"wp-image-210 size-full aligncenter\" src=\"http:\/\/winepoint.ro\/blog\/wp-content\/uploads\/2023\/03\/Wine-Paris-Vinexpo-Paris.jpg\" alt=\"\" width=\"1200\" height=\"150\" srcset=\"https:\/\/winepoint.ro\/blog\/wp-content\/uploads\/2023\/03\/Wine-Paris-Vinexpo-Paris.jpg 1200w, https:\/\/winepoint.ro\/blog\/wp-content\/uploads\/2023\/03\/Wine-Paris-Vinexpo-Paris-300x38.jpg 300w, https:\/\/winepoint.ro\/blog\/wp-content\/uploads\/2023\/03\/Wine-Paris-Vinexpo-Paris-1024x128.jpg 1024w, https:\/\/winepoint.ro\/blog\/wp-content\/uploads\/2023\/03\/Wine-Paris-Vinexpo-Paris-768x96.jpg 768w, https:\/\/winepoint.ro\/blog\/wp-content\/uploads\/2023\/03\/Wine-Paris-Vinexpo-Paris-850x106.jpg 850w\" sizes=\"(max-width: 1200px) 100vw, 1200px\" \/><\/strong><br \/>\n\u021ainut \u00een prima jum\u0103tate a lunii februarie (13-15) \u0219i organizat sub \u00cenaltul patronaj al domnului Emmanuel Macron, pre\u0219edintele Republicii Franceze, este primul eveniment al anului. El continu\u0103 tradi\u021bia redutabil\u0103 a Vinexpo Bordeaux, fiind la a patra edi\u021bie parizian\u0103. Accentul cade, bine\u00een\u021beles, pe vinurile \u021b\u0103rii gazd\u0103.<br \/>\n\u00cen 2023, cifrele arat\u0103 a\u0219a: 36.000 vizitatori, 3.387 expozan\u021bi din 42 de \u021b\u0103ri \u0219i peste 6.330 \u00eent\u00e2lniri.<\/p>\n<p><strong>ProWein Duesseldorf<img loading=\"lazy\" class=\"not-full alignright wp-image-216 size-full\" src=\"http:\/\/winepoint.ro\/blog\/wp-content\/uploads\/2023\/03\/ProWein-Duesseldorf.jpg\" alt=\"\" width=\"80\" height=\"80\" \/><\/strong><br \/>\nUrmeaz\u0103, \u00eentre 19-21 martie, cel mai important eveniment al industriei. Foarte bine organizat pe o suprafa\u021b\u0103 de 68.168 mp, cu o logistic\u0103 impresionant\u0103, este t\u00e2rgul \u201dde business\u201d prin excelen\u021b\u0103.<br \/>\n\u00cen 2022, ProWein a reunit 5.726 expozan\u021bi din 62 de \u021b\u0103ri (701 din Germania), 38.000 vizitatori din 145 de \u021b\u0103ri \u0219i 919 jurnali\u0219ti din 44 de \u021b\u0103ri.<\/p>\n<p><strong>Vinitaly Verona<\/strong><\/p>\n<p><img loading=\"lazy\" class=\"size-full wp-image-223 alignnone\" src=\"http:\/\/winepoint.ro\/blog\/wp-content\/uploads\/2023\/03\/Vinitaly-Verona.png\" alt=\"\" width=\"500\" height=\"101\" srcset=\"https:\/\/winepoint.ro\/blog\/wp-content\/uploads\/2023\/03\/Vinitaly-Verona.png 500w, https:\/\/winepoint.ro\/blog\/wp-content\/uploads\/2023\/03\/Vinitaly-Verona-300x61.png 300w\" sizes=\"(max-width: 500px) 100vw, 500px\" \/><br \/>\n\u00centre 2-3 aprilie 2023 este r\u00e2ndul italienilor s\u0103 arate c\u0103 \u201dla vita e bella\u201d, iar vinul are foarte mult de a face cu asta. Un adev\u0103rat festival al vinului italian, \u00een 2022, t\u00e2rgul din Verona a g\u0103zduit peste 4.500 expozan\u021bi din 41 de \u021b\u0103ri \u0219i 88.000 vizitatori (25.000 interna\u021bionali) din 139 \u021b\u0103ri.<\/p>\n<p><strong>London Wine Fair<\/strong><img loading=\"lazy\" class=\"not-full alignleft wp-image-229\" src=\"http:\/\/winepoint.ro\/blog\/wp-content\/uploads\/2023\/03\/London-Wine-Fair-150x150.jpg\" alt=\"\" width=\"80\" height=\"80\" srcset=\"https:\/\/winepoint.ro\/blog\/wp-content\/uploads\/2023\/03\/London-Wine-Fair-150x150.jpg 150w, https:\/\/winepoint.ro\/blog\/wp-content\/uploads\/2023\/03\/London-Wine-Fair-120x120.jpg 120w, https:\/\/winepoint.ro\/blog\/wp-content\/uploads\/2023\/03\/London-Wine-Fair.jpg 225w\" sizes=\"(max-width: 80px) 100vw, 80px\" \/><br \/>\nAflat \u00een c\u0103dere liber\u0103, t\u00e2rgul londonez va avea loc \u00eentre 15-17 mai. \u00cen 2022, num\u0103rul vizitatorilor a sc\u0103zut cu 33% fa\u021b\u0103 de 2019, ajung\u00e2nd la 8.822.<\/p>\n","protected":false},"excerpt":{"rendered":"<p>F\u0103r\u0103 t\u00e2rgurile de profil, industria s-ar mi\u0219ca mult mai \u00eencet. Adev\u0103rate platforme de business, ele \u00eei ajut\u0103 deopotriv\u0103 pe produc\u0103tori, distribuitori, importatori, proprietari de baruri, hoteluri sau restaurante. Aici se stabilesc contacte vitale pentru succesul tuturor celor interesa\u021bi. Din sutele de t\u00e2rguri organizate \u00een lume, vi le prezent\u0103m pe scurt pe cele cu cel mai&#8230;<\/p>\n","protected":false},"author":6,"featured_media":208,"comment_status":"open","ping_status":"open","sticky":false,"template":"","format":"standard","meta":[],"categories":[4,3],"tags":[],"yoast_head":"<!-- This site is optimized with the Yoast SEO plugin v19.4 - https:\/\/yoast.com\/wordpress\/plugins\/seo\/ -->\n<title>Principalele t\u00e2rguri interna\u021bionale de vin - Winepoint Blog<\/title>\n<meta name=\"description\" content=\"Principalele t\u00e2rguri interna\u021bionale de vin: Wine Paris &amp; Vinexpo Paris, ProWein Duesseldorf, Vinitaly Verona, London Wine Fair.\" \/>\n<meta name=\"robots\" content=\"index, follow, max-snippet:-1, max-image-preview:large, max-video-preview:-1\" \/>\n<link rel=\"canonical\" href=\"https:\/\/winepoint.ro\/blog\/2023\/02\/12\/principalele-targuri-internationale-de-vin\/\" \/>\n<meta property=\"og:locale\" content=\"ro_RO\" \/>\n<meta property=\"og:type\" content=\"article\" \/>\n<meta property=\"og:title\" content=\"Principalele t\u00e2rguri interna\u021bionale de vin - Winepoint Blog\" \/>\n<meta property=\"og:description\" content=\"Principalele t\u00e2rguri interna\u021bionale de vin: Wine Paris &amp; Vinexpo Paris, ProWein Duesseldorf, Vinitaly Verona, London Wine Fair.\" \/>\n<meta property=\"og:url\" content=\"https:\/\/winepoint.ro\/blog\/2023\/02\/12\/principalele-targuri-internationale-de-vin\/\" \/>\n<meta property=\"og:site_name\" content=\"Winepoint Blog\" \/>\n<meta property=\"article:published_time\" content=\"2023-02-12T10:38:21+00:00\" \/>\n<meta property=\"article:modified_time\" content=\"2023-03-02T11:36:51+00:00\" \/>\n<meta property=\"og:image\" content=\"http:\/\/winepoint.ro\/blog\/wp-content\/uploads\/2023\/03\/targuri.jpeg\" \/>\n\t<meta property=\"og:image:width\" content=\"1800\" \/>\n\t<meta property=\"og:image:height\" content=\"2048\" \/>\n\t<meta property=\"og:image:type\" content=\"image\/jpeg\" \/>\n<meta name=\"author\" content=\"Maia\" \/>\n<meta name=\"twitter:card\" content=\"summary_large_image\" \/>\n<meta name=\"twitter:label1\" content=\"Written by\" \/>\n\t<meta name=\"twitter:data1\" content=\"Maia\" \/>\n\t<meta name=\"twitter:label2\" content=\"Est. reading time\" \/>\n\t<meta name=\"twitter:data2\" content=\"3 minute\" \/>\n<script type=\"application\/ld+json\" class=\"yoast-schema-graph\">{\"@context\":\"https:\/\/schema.org\",\"@graph\":[{\"@type\":\"Organization\",\"@id\":\"https:\/\/winepoint.ro\/blog\/#organization\",\"name\":\"Wine Point\",\"url\":\"https:\/\/winepoint.ro\/blog\/\",\"sameAs\":[],\"logo\":{\"@type\":\"ImageObject\",\"inLanguage\":\"ro-RO\",\"@id\":\"https:\/\/winepoint.ro\/blog\/#\/schema\/logo\/image\/\",\"url\":\"https:\/\/winepoint.ro\/blog\/wp-content\/uploads\/2022\/11\/logo-modified.png\",\"contentUrl\":\"https:\/\/winepoint.ro\/blog\/wp-content\/uploads\/2022\/11\/logo-modified.png\",\"width\":116,\"height\":116,\"caption\":\"Wine Point\"},\"image\":{\"@id\":\"https:\/\/winepoint.ro\/blog\/#\/schema\/logo\/image\/\"}},{\"@type\":\"WebSite\",\"@id\":\"https:\/\/winepoint.ro\/blog\/#website\",\"url\":\"https:\/\/winepoint.ro\/blog\/\",\"name\":\"Winepoint Blog\",\"description\":\"Winepoint Blog\",\"publisher\":{\"@id\":\"https:\/\/winepoint.ro\/blog\/#organization\"},\"potentialAction\":[{\"@type\":\"SearchAction\",\"target\":{\"@type\":\"EntryPoint\",\"urlTemplate\":\"https:\/\/winepoint.ro\/blog\/?s={search_term_string}\"},\"query-input\":\"required name=search_term_string\"}],\"inLanguage\":\"ro-RO\"},{\"@type\":\"WebPage\",\"@id\":\"https:\/\/winepoint.ro\/blog\/2023\/02\/12\/principalele-targuri-internationale-de-vin\/\",\"url\":\"https:\/\/winepoint.ro\/blog\/2023\/02\/12\/principalele-targuri-internationale-de-vin\/\",\"name\":\"Principalele t\u00e2rguri interna\u021bionale de vin - Winepoint Blog\",\"isPartOf\":{\"@id\":\"https:\/\/winepoint.ro\/blog\/#website\"},\"datePublished\":\"2023-02-12T10:38:21+00:00\",\"dateModified\":\"2023-03-02T11:36:51+00:00\",\"description\":\"Principalele t\u00e2rguri interna\u021bionale de vin: Wine Paris & Vinexpo Paris, ProWein Duesseldorf, Vinitaly Verona, London Wine Fair.\",\"breadcrumb\":{\"@id\":\"https:\/\/winepoint.ro\/blog\/2023\/02\/12\/principalele-targuri-internationale-de-vin\/#breadcrumb\"},\"inLanguage\":\"ro-RO\",\"potentialAction\":[{\"@type\":\"ReadAction\",\"target\":[\"https:\/\/winepoint.ro\/blog\/2023\/02\/12\/principalele-targuri-internationale-de-vin\/\"]}]},{\"@type\":\"BreadcrumbList\",\"@id\":\"https:\/\/winepoint.ro\/blog\/2023\/02\/12\/principalele-targuri-internationale-de-vin\/#breadcrumb\",\"itemListElement\":[{\"@type\":\"ListItem\",\"position\":1,\"name\":\"Home\",\"item\":\"https:\/\/winepoint.ro\/blog\/\"},{\"@type\":\"ListItem\",\"position\":2,\"name\":\"Principalele t\u00e2rguri interna\u021bionale de vin\"}]},{\"@type\":\"Article\",\"@id\":\"https:\/\/winepoint.ro\/blog\/2023\/02\/12\/principalele-targuri-internationale-de-vin\/#article\",\"isPartOf\":{\"@id\":\"https:\/\/winepoint.ro\/blog\/2023\/02\/12\/principalele-targuri-internationale-de-vin\/\"},\"author\":{\"name\":\"Maia\",\"@id\":\"https:\/\/winepoint.ro\/blog\/#\/schema\/person\/958dbf79187f29cbaed7d07028866b1b\"},\"headline\":\"Principalele t\u00e2rguri interna\u021bionale de vin\",\"datePublished\":\"2023-02-12T10:38:21+00:00\",\"dateModified\":\"2023-03-02T11:36:51+00:00\",\"mainEntityOfPage\":{\"@id\":\"https:\/\/winepoint.ro\/blog\/2023\/02\/12\/principalele-targuri-internationale-de-vin\/\"},\"wordCount\":280,\"commentCount\":0,\"publisher\":{\"@id\":\"https:\/\/winepoint.ro\/blog\/#organization\"},\"articleSection\":[\"Blog\",\"Nout\u0103\u021bi\"],\"inLanguage\":\"ro-RO\",\"potentialAction\":[{\"@type\":\"CommentAction\",\"name\":\"Comment\",\"target\":[\"https:\/\/winepoint.ro\/blog\/2023\/02\/12\/principalele-targuri-internationale-de-vin\/#respond\"]}]},{\"@type\":\"Person\",\"@id\":\"https:\/\/winepoint.ro\/blog\/#\/schema\/person\/958dbf79187f29cbaed7d07028866b1b\",\"name\":\"Maia\",\"image\":{\"@type\":\"ImageObject\",\"inLanguage\":\"ro-RO\",\"@id\":\"https:\/\/winepoint.ro\/blog\/#\/schema\/person\/image\/\",\"url\":\"https:\/\/secure.gravatar.com\/avatar\/edc15705d7f032071265d3ff0c43186d?s=96&d=mm&r=g\",\"contentUrl\":\"https:\/\/secure.gravatar.com\/avatar\/edc15705d7f032071265d3ff0c43186d?s=96&d=mm&r=g\",\"caption\":\"Maia\"}}]}<\/script>\n<!-- \/ Yoast SEO plugin. -->","yoast_head_json":{"title":"Principalele t\u00e2rguri interna\u021bionale de vin - Winepoint Blog","description":"Principalele t\u00e2rguri interna\u021bionale de vin: Wine Paris & Vinexpo Paris, ProWein Duesseldorf, Vinitaly Verona, London Wine Fair.","robots":{"index":"index","follow":"follow","max-snippet":"max-snippet:-1","max-image-preview":"max-image-preview:large","max-video-preview":"max-video-preview:-1"},"canonical":"https:\/\/winepoint.ro\/blog\/2023\/02\/12\/principalele-targuri-internationale-de-vin\/","og_locale":"ro_RO","og_type":"article","og_title":"Principalele t\u00e2rguri interna\u021bionale de vin - Winepoint Blog","og_description":"Principalele t\u00e2rguri interna\u021bionale de vin: Wine Paris & Vinexpo Paris, ProWein Duesseldorf, Vinitaly Verona, London Wine Fair.","og_url":"https:\/\/winepoint.ro\/blog\/2023\/02\/12\/principalele-targuri-internationale-de-vin\/","og_site_name":"Winepoint Blog","article_published_time":"2023-02-12T10:38:21+00:00","article_modified_time":"2023-03-02T11:36:51+00:00","og_image":[{"width":1800,"height":2048,"url":"http:\/\/winepoint.ro\/blog\/wp-content\/uploads\/2023\/03\/targuri.jpeg","type":"image\/jpeg"}],"author":"Maia","twitter_card":"summary_large_image","twitter_misc":{"Written by":"Maia","Est. reading time":"3 minute"},"schema":{"@context":"https:\/\/schema.org","@graph":[{"@type":"Organization","@id":"https:\/\/winepoint.ro\/blog\/#organization","name":"Wine Point","url":"https:\/\/winepoint.ro\/blog\/","sameAs":[],"logo":{"@type":"ImageObject","inLanguage":"ro-RO","@id":"https:\/\/winepoint.ro\/blog\/#\/schema\/logo\/image\/","url":"https:\/\/winepoint.ro\/blog\/wp-content\/uploads\/2022\/11\/logo-modified.png","contentUrl":"https:\/\/winepoint.ro\/blog\/wp-content\/uploads\/2022\/11\/logo-modified.png","width":116,"height":116,"caption":"Wine Point"},"image":{"@id":"https:\/\/winepoint.ro\/blog\/#\/schema\/logo\/image\/"}},{"@type":"WebSite","@id":"https:\/\/winepoint.ro\/blog\/#website","url":"https:\/\/winepoint.ro\/blog\/","name":"Winepoint Blog","description":"Winepoint Blog","publisher":{"@id":"https:\/\/winepoint.ro\/blog\/#organization"},"potentialAction":[{"@type":"SearchAction","target":{"@type":"EntryPoint","urlTemplate":"https:\/\/winepoint.ro\/blog\/?s={search_term_string}"},"query-input":"required name=search_term_string"}],"inLanguage":"ro-RO"},{"@type":"WebPage","@id":"https:\/\/winepoint.ro\/blog\/2023\/02\/12\/principalele-targuri-internationale-de-vin\/","url":"https:\/\/winepoint.ro\/blog\/2023\/02\/12\/principalele-targuri-internationale-de-vin\/","name":"Principalele t\u00e2rguri interna\u021bionale de vin - Winepoint Blog","isPartOf":{"@id":"https:\/\/winepoint.ro\/blog\/#website"},"datePublished":"2023-02-12T10:38:21+00:00","dateModified":"2023-03-02T11:36:51+00:00","description":"Principalele t\u00e2rguri interna\u021bionale de vin: Wine Paris & Vinexpo Paris, ProWein Duesseldorf, Vinitaly Verona, London Wine Fair.","breadcrumb":{"@id":"https:\/\/winepoint.ro\/blog\/2023\/02\/12\/principalele-targuri-internationale-de-vin\/#breadcrumb"},"inLanguage":"ro-RO","potentialAction":[{"@type":"ReadAction","target":["https:\/\/winepoint.ro\/blog\/2023\/02\/12\/principalele-targuri-internationale-de-vin\/"]}]},{"@type":"BreadcrumbList","@id":"https:\/\/winepoint.ro\/blog\/2023\/02\/12\/principalele-targuri-internationale-de-vin\/#breadcrumb","itemListElement":[{"@type":"ListItem","position":1,"name":"Home","item":"https:\/\/winepoint.ro\/blog\/"},{"@type":"ListItem","position":2,"name":"Principalele t\u00e2rguri interna\u021bionale de vin"}]},{"@type":"Article","@id":"https:\/\/winepoint.ro\/blog\/2023\/02\/12\/principalele-targuri-internationale-de-vin\/#article","isPartOf":{"@id":"https:\/\/winepoint.ro\/blog\/2023\/02\/12\/principalele-targuri-internationale-de-vin\/"},"author":{"name":"Maia","@id":"https:\/\/winepoint.ro\/blog\/#\/schema\/person\/958dbf79187f29cbaed7d07028866b1b"},"headline":"Principalele t\u00e2rguri interna\u021bionale de vin","datePublished":"2023-02-12T10:38:21+00:00","dateModified":"2023-03-02T11:36:51+00:00","mainEntityOfPage":{"@id":"https:\/\/winepoint.ro\/blog\/2023\/02\/12\/principalele-targuri-internationale-de-vin\/"},"wordCount":280,"commentCount":0,"publisher":{"@id":"https:\/\/winepoint.ro\/blog\/#organization"},"articleSection":["Blog","Nout\u0103\u021bi"],"inLanguage":"ro-RO","potentialAction":[{"@type":"CommentAction","name":"Comment","target":["https:\/\/winepoint.ro\/blog\/2023\/02\/12\/principalele-targuri-internationale-de-vin\/#respond"]}]},{"@type":"Person","@id":"https:\/\/winepoint.ro\/blog\/#\/schema\/person\/958dbf79187f29cbaed7d07028866b1b","name":"Maia","image":{"@type":"ImageObject","inLanguage":"ro-RO","@id":"https:\/\/winepoint.ro\/blog\/#\/schema\/person\/image\/","url":"https:\/\/secure.gravatar.com\/avatar\/edc15705d7f032071265d3ff0c43186d?s=96&d=mm&r=g","contentUrl":"https:\/\/secure.gravatar.com\/avatar\/edc15705d7f032071265d3ff0c43186d?s=96&d=mm&r=g","caption":"Maia"}}]}},"_links":{"self":[{"href":"https:\/\/winepoint.ro\/blog\/wp-json\/wp\/v2\/posts\/206"}],"collection":[{"href":"https:\/\/winepoint.ro\/blog\/wp-json\/wp\/v2\/posts"}],"about":[{"href":"https:\/\/winepoint.ro\/blog\/wp-json\/wp\/v2\/types\/post"}],"author":[{"embeddable":true,"href":"https:\/\/winepoint.ro\/blog\/wp-json\/wp\/v2\/users\/6"}],"replies":[{"embeddable":true,"href":"https:\/\/winepoint.ro\/blog\/wp-json\/wp\/v2\/comments?post=206"}],"version-history":[{"count":23,"href":"https:\/\/winepoint.ro\/blog\/wp-json\/wp\/v2\/posts\/206\/revisions"}],"predecessor-version":[{"id":235,"href":"https:\/\/winepoint.ro\/blog\/wp-json\/wp\/v2\/posts\/206\/revisions\/235"}],"wp:featuredmedia":[{"embeddable":true,"href":"https:\/\/winepoint.ro\/blog\/wp-json\/wp\/v2\/media\/208"}],"wp:attachment":[{"href":"https:\/\/winepoint.ro\/blog\/wp-json\/wp\/v2\/media?parent=206"}],"wp:term":[{"taxonomy":"category","embeddable":true,"href":"https:\/\/winepoint.ro\/blog\/wp-json\/wp\/v2\/categories?post=206"},{"taxonomy":"post_tag","embeddable":true,"href":"https:\/\/winepoint.ro\/blog\/wp-json\/wp\/v2\/tags?post=206"}],"curies":[{"name":"wp","href":"https:\/\/api.w.org\/{rel}","templated":true}]}}