{"id":238,"date":"2023-03-06T06:04:55","date_gmt":"2023-03-06T06:04:55","guid":{"rendered":"https:\/\/winepoint.ro\/blog\/?p=238"},"modified":"2023-03-06T06:47:37","modified_gmt":"2023-03-06T06:47:37","slug":"in-memoriam-gilles-crochet","status":"publish","type":"post","link":"https:\/\/winepoint.ro\/blog\/2023\/03\/06\/in-memoriam-gilles-crochet\/","title":{"rendered":"In memoriam Gilles Crochet"},"content":{"rendered":"<p>\u00cen 10 februarie s-a stins pe nea\u0219teptate Gilles Crochet, unul dintre produc\u0103torii remarcabili ai Sancerre-ului. La Revue du Vin de France spunea despre domeniul a c\u0103rui tradi\u021bie a continuat-o cu toat\u0103 pasiunea sa de autentic bon viveur: \u201dDomaine Lucien Crochet a fost mult\u0103 vreme referin\u021ba calitativ\u0103 pentru vinurile din Sancerre, ceea ce explic\u0103 prezen\u021ba puternic\u0103 a vinurilor domeniului \u00een meniurile de vin ale marilor restaurante din Fran\u021ba. Nivelul domeniului s-a men\u021binut la fel de sus \u0219i dup\u0103 ce Lucien i-a predat \u0219tacheta fiului s\u0103u Gilles. Dealurile din Ch\u00eane Marchand, de pe teritoriul comunei Bu\u00e9, unde familia Crochet are o minunat\u0103 parcel\u0103 de cinci hectare, dau ni\u0219te Sancerre-uri albe de o fine\u021be extraordinar\u0103 (a\u0219tepta\u021bi doi ani), \u00een timp ce La Croix du Roy confer\u0103 Pinot Noir-ului un gust de o noble\u021be unic\u0103 \u00een Sancerre.\u201d<br \/>\nSo\u021bia sa, Laurence, cea care i-a fost mereu al\u0103turi, \u0219i \u00eentreaga echip\u0103 din Bu\u00e9 promit s\u0103-i continue munca, \u00eenc\u00e2nt\u00e2ndu-\u0219i clien\u021bii cu acelea\u0219i vinuri de mare precizie, complexe \u0219i sofisticate, expresie fidel\u0103 a terroir-ul lor unic.<br \/>\nO ciudat\u0103 ironie a sor\u021bii face ca o alt\u0103 \u00eent\u00e2mplare nefericit\u0103, transformat\u0103 \u00eens\u0103 \u00een bucurie \u00eemp\u0103rt\u0103\u0219it\u0103, s\u0103 \u00eenso\u021beasc\u0103 trecerea lui Gilles spre alte lumi. \u00c0 l&#8217;Ouest, un vin ghinionist, dar cu at\u00e2t mai special, ar fi trebuit s\u0103 se al\u0103ture elitei domeniului, fiind n\u0103scut dintr-o parcel\u0103, \u201dMoussi\u00e8re Ouest\u201d, ob\u021binut\u0103 \u00een schimbul unei parcele de Ch\u00eane Marchand din AOC. \u00cens\u0103, \u00een 2016, un control avea s\u0103 constate c\u0103 via se situeaz\u0103 \u00een afara apela\u021biunii, iar domeniul a fost nevoit s\u0103 declaseze recolta de pe cei 10,52 ari \u00een Vin de France. Prin urmare, soarta acestui Pinot Noir a fost pecetluit\u0103: el nu avea s\u0103 fie comercializat, ci \u00eemp\u0103rt\u0103\u0219it. Cele 500 de sticle f\u0103cute cu aceea\u0219i aten\u021bie ca celelalte vinuri ale domeniului au fost frumos \u00eembr\u0103cate cu etichetele create de Guillaume Ledoux, muzician, pictor \u0219i prieten al familiei \u2013 \u0219ase versiuni ale personajului s\u0103u M. Roger.<\/p>\n<p><img loading=\"lazy\" class=\"alignnone size-full wp-image-245\" src=\"http:\/\/winepoint.ro\/blog\/wp-content\/uploads\/2023\/03\/m_roger-scaled.jpeg\" alt=\"\" width=\"2560\" height=\"1254\" srcset=\"https:\/\/winepoint.ro\/blog\/wp-content\/uploads\/2023\/03\/m_roger-scaled.jpeg 2560w, https:\/\/winepoint.ro\/blog\/wp-content\/uploads\/2023\/03\/m_roger-300x147.jpeg 300w, https:\/\/winepoint.ro\/blog\/wp-content\/uploads\/2023\/03\/m_roger-1024x502.jpeg 1024w, https:\/\/winepoint.ro\/blog\/wp-content\/uploads\/2023\/03\/m_roger-768x376.jpeg 768w, https:\/\/winepoint.ro\/blog\/wp-content\/uploads\/2023\/03\/m_roger-1536x752.jpeg 1536w, https:\/\/winepoint.ro\/blog\/wp-content\/uploads\/2023\/03\/m_roger-2048x1003.jpeg 2048w, https:\/\/winepoint.ro\/blog\/wp-content\/uploads\/2023\/03\/m_roger-850x416.jpeg 850w\" sizes=\"(max-width: 2560px) 100vw, 2560px\" \/><br \/>\n\u201dProfit\u0103m, astfel, de aceast\u0103 \u00eent\u00e2mplare nefericit\u0103 pentru a aduce \u00eempreun\u0103 ceea ce ne place \u0219i ne apropie, vinul, arta \u0219i o f\u0103r\u00e2m\u0103 de autoironie!\u201d ne-a transmis echipa domeniului. Ce gest mai frumos \u00een amintirea lui Gilles?<br \/>\nDumnezeu s\u0103-i odihneasc\u0103 z\u00e2mbetul cald \u0219i juc\u0103u\u0219! Mer\u00e7i, Gilles! Reposez en Paix!<\/p>\n<p><img loading=\"lazy\" class=\"alignnone size-full wp-image-247\" src=\"http:\/\/winepoint.ro\/blog\/wp-content\/uploads\/2023\/03\/image2-scaled.jpeg\" alt=\"\" width=\"2560\" height=\"1704\" srcset=\"https:\/\/winepoint.ro\/blog\/wp-content\/uploads\/2023\/03\/image2-scaled.jpeg 2560w, https:\/\/winepoint.ro\/blog\/wp-content\/uploads\/2023\/03\/image2-300x200.jpeg 300w, https:\/\/winepoint.ro\/blog\/wp-content\/uploads\/2023\/03\/image2-1024x682.jpeg 1024w, https:\/\/winepoint.ro\/blog\/wp-content\/uploads\/2023\/03\/image2-768x511.jpeg 768w, https:\/\/winepoint.ro\/blog\/wp-content\/uploads\/2023\/03\/image2-1536x1023.jpeg 1536w, https:\/\/winepoint.ro\/blog\/wp-content\/uploads\/2023\/03\/image2-2048x1363.jpeg 2048w, https:\/\/winepoint.ro\/blog\/wp-content\/uploads\/2023\/03\/image2-850x566.jpeg 850w\" sizes=\"(max-width: 2560px) 100vw, 2560px\" \/><\/p>\n<p><img loading=\"lazy\" class=\"alignnone size-full wp-image-248\" src=\"http:\/\/winepoint.ro\/blog\/wp-content\/uploads\/2023\/03\/image3-scaled.jpeg\" alt=\"\" width=\"2560\" height=\"1761\" srcset=\"https:\/\/winepoint.ro\/blog\/wp-content\/uploads\/2023\/03\/image3-scaled.jpeg 2560w, https:\/\/winepoint.ro\/blog\/wp-content\/uploads\/2023\/03\/image3-300x206.jpeg 300w, https:\/\/winepoint.ro\/blog\/wp-content\/uploads\/2023\/03\/image3-1024x704.jpeg 1024w, https:\/\/winepoint.ro\/blog\/wp-content\/uploads\/2023\/03\/image3-768x528.jpeg 768w, https:\/\/winepoint.ro\/blog\/wp-content\/uploads\/2023\/03\/image3-1536x1056.jpeg 1536w, https:\/\/winepoint.ro\/blog\/wp-content\/uploads\/2023\/03\/image3-2048x1409.jpeg 2048w, https:\/\/winepoint.ro\/blog\/wp-content\/uploads\/2023\/03\/image3-850x585.jpeg 850w\" sizes=\"(max-width: 2560px) 100vw, 2560px\" \/><\/p>\n","protected":false},"excerpt":{"rendered":"<p>\u00cen 10 februarie s-a stins pe nea\u0219teptate Gilles Crochet, unul dintre produc\u0103torii remarcabili ai Sancerre-ului. La Revue du Vin de France spunea despre domeniul a c\u0103rui tradi\u021bie a continuat-o cu toat\u0103 pasiunea sa de autentic bon viveur: \u201dDomaine Lucien Crochet a fost mult\u0103 vreme referin\u021ba calitativ\u0103 pentru vinurile din Sancerre, ceea ce explic\u0103 prezen\u021ba puternic\u0103&#8230;<\/p>\n","protected":false},"author":6,"featured_media":239,"comment_status":"open","ping_status":"open","sticky":false,"template":"","format":"standard","meta":[],"categories":[4,3],"tags":[],"yoast_head":"<!-- This site is optimized with the Yoast SEO plugin v19.4 - https:\/\/yoast.com\/wordpress\/plugins\/seo\/ -->\n<title>In memoriam Gilles Crochet - Winepoint Blog<\/title>\n<meta name=\"description\" content=\"\u00cen 10 februarie s-a stins pe nea\u0219teptate Gilles Crochet, unul dintre produc\u0103torii remarcabili ai Sancerre-ului. Winepoint Blog.\" \/>\n<meta name=\"robots\" content=\"index, follow, max-snippet:-1, max-image-preview:large, max-video-preview:-1\" \/>\n<link rel=\"canonical\" href=\"https:\/\/winepoint.ro\/blog\/2023\/03\/06\/in-memoriam-gilles-crochet\/\" \/>\n<meta property=\"og:locale\" content=\"ro_RO\" \/>\n<meta property=\"og:type\" content=\"article\" \/>\n<meta property=\"og:title\" content=\"In memoriam Gilles Crochet - Winepoint Blog\" \/>\n<meta property=\"og:description\" content=\"\u00cen 10 februarie s-a stins pe nea\u0219teptate Gilles Crochet, unul dintre produc\u0103torii remarcabili ai Sancerre-ului. Winepoint Blog.\" \/>\n<meta property=\"og:url\" content=\"https:\/\/winepoint.ro\/blog\/2023\/03\/06\/in-memoriam-gilles-crochet\/\" \/>\n<meta property=\"og:site_name\" content=\"Winepoint Blog\" \/>\n<meta property=\"article:published_time\" content=\"2023-03-06T06:04:55+00:00\" \/>\n<meta property=\"article:modified_time\" content=\"2023-03-06T06:47:37+00:00\" \/>\n<meta property=\"og:image\" content=\"http:\/\/winepoint.ro\/blog\/wp-content\/uploads\/2023\/03\/image0.jpeg\" \/>\n\t<meta property=\"og:image:width\" content=\"1074\" \/>\n\t<meta property=\"og:image:height\" content=\"898\" \/>\n\t<meta property=\"og:image:type\" content=\"image\/jpeg\" \/>\n<meta name=\"author\" content=\"Maia\" \/>\n<meta name=\"twitter:card\" content=\"summary_large_image\" \/>\n<meta name=\"twitter:label1\" content=\"Written by\" \/>\n\t<meta name=\"twitter:data1\" content=\"Maia\" \/>\n\t<meta name=\"twitter:label2\" content=\"Est. reading time\" \/>\n\t<meta name=\"twitter:data2\" content=\"3 minute\" \/>\n<script type=\"application\/ld+json\" class=\"yoast-schema-graph\">{\"@context\":\"https:\/\/schema.org\",\"@graph\":[{\"@type\":\"Organization\",\"@id\":\"https:\/\/winepoint.ro\/blog\/#organization\",\"name\":\"Wine Point\",\"url\":\"https:\/\/winepoint.ro\/blog\/\",\"sameAs\":[],\"logo\":{\"@type\":\"ImageObject\",\"inLanguage\":\"ro-RO\",\"@id\":\"https:\/\/winepoint.ro\/blog\/#\/schema\/logo\/image\/\",\"url\":\"https:\/\/winepoint.ro\/blog\/wp-content\/uploads\/2022\/11\/logo-modified.png\",\"contentUrl\":\"https:\/\/winepoint.ro\/blog\/wp-content\/uploads\/2022\/11\/logo-modified.png\",\"width\":116,\"height\":116,\"caption\":\"Wine Point\"},\"image\":{\"@id\":\"https:\/\/winepoint.ro\/blog\/#\/schema\/logo\/image\/\"}},{\"@type\":\"WebSite\",\"@id\":\"https:\/\/winepoint.ro\/blog\/#website\",\"url\":\"https:\/\/winepoint.ro\/blog\/\",\"name\":\"Winepoint Blog\",\"description\":\"Winepoint Blog\",\"publisher\":{\"@id\":\"https:\/\/winepoint.ro\/blog\/#organization\"},\"potentialAction\":[{\"@type\":\"SearchAction\",\"target\":{\"@type\":\"EntryPoint\",\"urlTemplate\":\"https:\/\/winepoint.ro\/blog\/?s={search_term_string}\"},\"query-input\":\"required name=search_term_string\"}],\"inLanguage\":\"ro-RO\"},{\"@type\":\"WebPage\",\"@id\":\"https:\/\/winepoint.ro\/blog\/2023\/03\/06\/in-memoriam-gilles-crochet\/\",\"url\":\"https:\/\/winepoint.ro\/blog\/2023\/03\/06\/in-memoriam-gilles-crochet\/\",\"name\":\"In memoriam Gilles Crochet - Winepoint Blog\",\"isPartOf\":{\"@id\":\"https:\/\/winepoint.ro\/blog\/#website\"},\"datePublished\":\"2023-03-06T06:04:55+00:00\",\"dateModified\":\"2023-03-06T06:47:37+00:00\",\"description\":\"\u00cen 10 februarie s-a stins pe nea\u0219teptate Gilles Crochet, unul dintre produc\u0103torii remarcabili ai Sancerre-ului. Winepoint Blog.\",\"breadcrumb\":{\"@id\":\"https:\/\/winepoint.ro\/blog\/2023\/03\/06\/in-memoriam-gilles-crochet\/#breadcrumb\"},\"inLanguage\":\"ro-RO\",\"potentialAction\":[{\"@type\":\"ReadAction\",\"target\":[\"https:\/\/winepoint.ro\/blog\/2023\/03\/06\/in-memoriam-gilles-crochet\/\"]}]},{\"@type\":\"BreadcrumbList\",\"@id\":\"https:\/\/winepoint.ro\/blog\/2023\/03\/06\/in-memoriam-gilles-crochet\/#breadcrumb\",\"itemListElement\":[{\"@type\":\"ListItem\",\"position\":1,\"name\":\"Home\",\"item\":\"https:\/\/winepoint.ro\/blog\/\"},{\"@type\":\"ListItem\",\"position\":2,\"name\":\"In memoriam Gilles Crochet\"}]},{\"@type\":\"Article\",\"@id\":\"https:\/\/winepoint.ro\/blog\/2023\/03\/06\/in-memoriam-gilles-crochet\/#article\",\"isPartOf\":{\"@id\":\"https:\/\/winepoint.ro\/blog\/2023\/03\/06\/in-memoriam-gilles-crochet\/\"},\"author\":{\"name\":\"Maia\",\"@id\":\"https:\/\/winepoint.ro\/blog\/#\/schema\/person\/958dbf79187f29cbaed7d07028866b1b\"},\"headline\":\"In memoriam Gilles Crochet\",\"datePublished\":\"2023-03-06T06:04:55+00:00\",\"dateModified\":\"2023-03-06T06:47:37+00:00\",\"mainEntityOfPage\":{\"@id\":\"https:\/\/winepoint.ro\/blog\/2023\/03\/06\/in-memoriam-gilles-crochet\/\"},\"wordCount\":408,\"commentCount\":0,\"publisher\":{\"@id\":\"https:\/\/winepoint.ro\/blog\/#organization\"},\"articleSection\":[\"Blog\",\"Nout\u0103\u021bi\"],\"inLanguage\":\"ro-RO\",\"potentialAction\":[{\"@type\":\"CommentAction\",\"name\":\"Comment\",\"target\":[\"https:\/\/winepoint.ro\/blog\/2023\/03\/06\/in-memoriam-gilles-crochet\/#respond\"]}]},{\"@type\":\"Person\",\"@id\":\"https:\/\/winepoint.ro\/blog\/#\/schema\/person\/958dbf79187f29cbaed7d07028866b1b\",\"name\":\"Maia\",\"image\":{\"@type\":\"ImageObject\",\"inLanguage\":\"ro-RO\",\"@id\":\"https:\/\/winepoint.ro\/blog\/#\/schema\/person\/image\/\",\"url\":\"https:\/\/secure.gravatar.com\/avatar\/edc15705d7f032071265d3ff0c43186d?s=96&d=mm&r=g\",\"contentUrl\":\"https:\/\/secure.gravatar.com\/avatar\/edc15705d7f032071265d3ff0c43186d?s=96&d=mm&r=g\",\"caption\":\"Maia\"}}]}<\/script>\n<!-- \/ Yoast SEO plugin. -->","yoast_head_json":{"title":"In memoriam Gilles Crochet - Winepoint Blog","description":"\u00cen 10 februarie s-a stins pe nea\u0219teptate Gilles Crochet, unul dintre produc\u0103torii remarcabili ai Sancerre-ului. Winepoint Blog.","robots":{"index":"index","follow":"follow","max-snippet":"max-snippet:-1","max-image-preview":"max-image-preview:large","max-video-preview":"max-video-preview:-1"},"canonical":"https:\/\/winepoint.ro\/blog\/2023\/03\/06\/in-memoriam-gilles-crochet\/","og_locale":"ro_RO","og_type":"article","og_title":"In memoriam Gilles Crochet - Winepoint Blog","og_description":"\u00cen 10 februarie s-a stins pe nea\u0219teptate Gilles Crochet, unul dintre produc\u0103torii remarcabili ai Sancerre-ului. Winepoint Blog.","og_url":"https:\/\/winepoint.ro\/blog\/2023\/03\/06\/in-memoriam-gilles-crochet\/","og_site_name":"Winepoint Blog","article_published_time":"2023-03-06T06:04:55+00:00","article_modified_time":"2023-03-06T06:47:37+00:00","og_image":[{"width":1074,"height":898,"url":"http:\/\/winepoint.ro\/blog\/wp-content\/uploads\/2023\/03\/image0.jpeg","type":"image\/jpeg"}],"author":"Maia","twitter_card":"summary_large_image","twitter_misc":{"Written by":"Maia","Est. reading time":"3 minute"},"schema":{"@context":"https:\/\/schema.org","@graph":[{"@type":"Organization","@id":"https:\/\/winepoint.ro\/blog\/#organization","name":"Wine Point","url":"https:\/\/winepoint.ro\/blog\/","sameAs":[],"logo":{"@type":"ImageObject","inLanguage":"ro-RO","@id":"https:\/\/winepoint.ro\/blog\/#\/schema\/logo\/image\/","url":"https:\/\/winepoint.ro\/blog\/wp-content\/uploads\/2022\/11\/logo-modified.png","contentUrl":"https:\/\/winepoint.ro\/blog\/wp-content\/uploads\/2022\/11\/logo-modified.png","width":116,"height":116,"caption":"Wine Point"},"image":{"@id":"https:\/\/winepoint.ro\/blog\/#\/schema\/logo\/image\/"}},{"@type":"WebSite","@id":"https:\/\/winepoint.ro\/blog\/#website","url":"https:\/\/winepoint.ro\/blog\/","name":"Winepoint Blog","description":"Winepoint Blog","publisher":{"@id":"https:\/\/winepoint.ro\/blog\/#organization"},"potentialAction":[{"@type":"SearchAction","target":{"@type":"EntryPoint","urlTemplate":"https:\/\/winepoint.ro\/blog\/?s={search_term_string}"},"query-input":"required name=search_term_string"}],"inLanguage":"ro-RO"},{"@type":"WebPage","@id":"https:\/\/winepoint.ro\/blog\/2023\/03\/06\/in-memoriam-gilles-crochet\/","url":"https:\/\/winepoint.ro\/blog\/2023\/03\/06\/in-memoriam-gilles-crochet\/","name":"In memoriam Gilles Crochet - Winepoint Blog","isPartOf":{"@id":"https:\/\/winepoint.ro\/blog\/#website"},"datePublished":"2023-03-06T06:04:55+00:00","dateModified":"2023-03-06T06:47:37+00:00","description":"\u00cen 10 februarie s-a stins pe nea\u0219teptate Gilles Crochet, unul dintre produc\u0103torii remarcabili ai Sancerre-ului. Winepoint Blog.","breadcrumb":{"@id":"https:\/\/winepoint.ro\/blog\/2023\/03\/06\/in-memoriam-gilles-crochet\/#breadcrumb"},"inLanguage":"ro-RO","potentialAction":[{"@type":"ReadAction","target":["https:\/\/winepoint.ro\/blog\/2023\/03\/06\/in-memoriam-gilles-crochet\/"]}]},{"@type":"BreadcrumbList","@id":"https:\/\/winepoint.ro\/blog\/2023\/03\/06\/in-memoriam-gilles-crochet\/#breadcrumb","itemListElement":[{"@type":"ListItem","position":1,"name":"Home","item":"https:\/\/winepoint.ro\/blog\/"},{"@type":"ListItem","position":2,"name":"In memoriam Gilles Crochet"}]},{"@type":"Article","@id":"https:\/\/winepoint.ro\/blog\/2023\/03\/06\/in-memoriam-gilles-crochet\/#article","isPartOf":{"@id":"https:\/\/winepoint.ro\/blog\/2023\/03\/06\/in-memoriam-gilles-crochet\/"},"author":{"name":"Maia","@id":"https:\/\/winepoint.ro\/blog\/#\/schema\/person\/958dbf79187f29cbaed7d07028866b1b"},"headline":"In memoriam Gilles Crochet","datePublished":"2023-03-06T06:04:55+00:00","dateModified":"2023-03-06T06:47:37+00:00","mainEntityOfPage":{"@id":"https:\/\/winepoint.ro\/blog\/2023\/03\/06\/in-memoriam-gilles-crochet\/"},"wordCount":408,"commentCount":0,"publisher":{"@id":"https:\/\/winepoint.ro\/blog\/#organization"},"articleSection":["Blog","Nout\u0103\u021bi"],"inLanguage":"ro-RO","potentialAction":[{"@type":"CommentAction","name":"Comment","target":["https:\/\/winepoint.ro\/blog\/2023\/03\/06\/in-memoriam-gilles-crochet\/#respond"]}]},{"@type":"Person","@id":"https:\/\/winepoint.ro\/blog\/#\/schema\/person\/958dbf79187f29cbaed7d07028866b1b","name":"Maia","image":{"@type":"ImageObject","inLanguage":"ro-RO","@id":"https:\/\/winepoint.ro\/blog\/#\/schema\/person\/image\/","url":"https:\/\/secure.gravatar.com\/avatar\/edc15705d7f032071265d3ff0c43186d?s=96&d=mm&r=g","contentUrl":"https:\/\/secure.gravatar.com\/avatar\/edc15705d7f032071265d3ff0c43186d?s=96&d=mm&r=g","caption":"Maia"}}]}},"_links":{"self":[{"href":"https:\/\/winepoint.ro\/blog\/wp-json\/wp\/v2\/posts\/238"}],"collection":[{"href":"https:\/\/winepoint.ro\/blog\/wp-json\/wp\/v2\/posts"}],"about":[{"href":"https:\/\/winepoint.ro\/blog\/wp-json\/wp\/v2\/types\/post"}],"author":[{"embeddable":true,"href":"https:\/\/winepoint.ro\/blog\/wp-json\/wp\/v2\/users\/6"}],"replies":[{"embeddable":true,"href":"https:\/\/winepoint.ro\/blog\/wp-json\/wp\/v2\/comments?post=238"}],"version-history":[{"count":10,"href":"https:\/\/winepoint.ro\/blog\/wp-json\/wp\/v2\/posts\/238\/revisions"}],"predecessor-version":[{"id":254,"href":"https:\/\/winepoint.ro\/blog\/wp-json\/wp\/v2\/posts\/238\/revisions\/254"}],"wp:featuredmedia":[{"embeddable":true,"href":"https:\/\/winepoint.ro\/blog\/wp-json\/wp\/v2\/media\/239"}],"wp:attachment":[{"href":"https:\/\/winepoint.ro\/blog\/wp-json\/wp\/v2\/media?parent=238"}],"wp:term":[{"taxonomy":"category","embeddable":true,"href":"https:\/\/winepoint.ro\/blog\/wp-json\/wp\/v2\/categories?post=238"},{"taxonomy":"post_tag","embeddable":true,"href":"https:\/\/winepoint.ro\/blog\/wp-json\/wp\/v2\/tags?post=238"}],"curies":[{"name":"wp","href":"https:\/\/api.w.org\/{rel}","templated":true}]}}